{"id":6073,"date":"2019-02-17T15:54:33","date_gmt":"2019-02-17T15:54:33","guid":{"rendered":"https:\/\/www.ecucina.eu\/site\/?p=6073"},"modified":"2019-02-17T15:54:33","modified_gmt":"2019-02-17T15:54:33","slug":"stelle-michelin-a-ecucina-torna-il-menu-del-desco","status":"publish","type":"post","link":"https:\/\/www.ecucina.eu\/site\/stelle-michelin-a-ecucina-torna-il-menu-del-desco\/","title":{"rendered":"Stelle Michelin a \u00e8Cucina: torna il men\u00f9 del Desco!"},"content":{"rendered":"<p><strong>Hai sempre sognato di creare insieme allo chef i piatti del suo men\u00f9? Soprattutto quando il ristorante \u00e8 stellato e il suo men\u00f9 \u00e8 quello del rinomato Ristorante Veronese Il Desco!<\/strong><\/p>\n<p>Appuntamento affezionato di \u00e8 cucina con le stelle : ritorna\u00a0 il men\u00f9 del Ristorante <strong>il Desco, 1 stella Michelin<\/strong>, <strong>lo chef Ivan Bonamini,<\/strong> sous-chef di Matteo Rizzo, ci condurr\u00e0 in un corso pratico svelando i segreti di alcuni piatti stellati del men\u00f9 in corso!<\/p>\n<p>Da non perdere!!<\/p>\n<p>il corso \u00e8 pratico e si svolge in aula didattica con postazioni di lavoro<\/p>\n<p>Un corso di cucina\u00a0 pratico e stimolante nelle postazioni singole di lavoro per mettersi alla prova ai fornelli con i piatti del<strong> Ristorante Il Desco<\/strong><\/p>\n<p>&nbsp;<\/p>\n<h4>Quando?<\/h4>\n<p><strong>Luned\u00ec 25 febbraio alle 19.30<\/strong>, in Via XX Settembre, 90.<\/p>\n<h4>Cosa imparer\u00f2?<\/h4>\n<p>Un corso di cucina in postazione singola di lavoro, con posti limitati,\u00a0 per realizzare in diretta, insieme al giovane chef Ivan Bonamini del Ristorante Il Desco, tre piatti creativi dal suo men\u00f9:<\/p>\n<div class=\"page\" title=\"Page 1\">\n<div class=\"layoutArea\">\n<div class=\"column\">\n<p>Risotto Torba, Pomodoro e Cipolla\u00a0 (mantecato alla crema di cipolle fondenti, pomodoro concentrato e retrogusto torbato)<\/p>\n<p>Petto di faraona, crema di topinambour e salsa al porto e liquirizia<\/p>\n<p>Le frittelle CHOUX de \u2018Il Desco\u2019<\/p>\n<\/div>\n<\/div>\n<\/div>\n<p>&nbsp;<\/p>\n<h4>Come mi iscrivo?<\/h4>\n<p>Pago la sera stessa? No, per farti trovare il corso ben preparato,\u00a0 con gli ingredienti pesati e tutto ci\u00f2 che occorre in ordine e \u00e8Cucina deve sapere con esattezza il numero di partecipanti per tempo. Puoi pre-iscriverti e poi saldare entro dieci giorni dal corso. Cos\u00ec avrai il tuo posto assicurato! Ricordati che il corso in postazione singola di lavoro \u00e8 limitata a 9 posti, prenota per tempo!<\/p>\n<p><strong>Per iscriverti puoi chiamare il 3341934095 o inviare una mail a info@ecucina.eu<\/strong><\/p>\n<h4>Quanto costa?<\/h4>\n<p>Il corso ha il costo di \u20ac90\u00a0 se sei gi\u00e0 iscritto a \u00e8Cucina (\u20ac6 card di iscrizione semestrale oppure \u20ac10 la card annuale, da fare la sera del corso)<\/p>\n<h4>Dove?<\/h4>\n<p>\u00e8Cucina \u00e8 a Verona in Via XX Settembre, 90<\/p>\n<p>Il programma potrebbe subire qualche modifica in relazione alla reperibilit\u00e0 degli ingredienti freschi<\/p>\n<p>Iscriviti subito chiamando al 3341934095!<\/p>\n","protected":false},"excerpt":{"rendered":"<p>Hai sempre sognato di creare insieme allo chef i piatti del suo men\u00f9? Soprattutto quando il ristorante \u00e8 stellato e il suo men\u00f9 \u00e8 quello del rinomato Ristorante Veronese Il Desco! Appuntamento affezionato di \u00e8 cucina con le stelle : ritorna\u00a0 il men\u00f9 del Ristorante il Desco, 1 stella Michelin, lo chef Ivan Bonamini, sous-chef&#8230;<\/p>\n","protected":false},"author":1,"featured_media":6066,"comment_status":"open","ping_status":"open","sticky":false,"template":"","format":"standard","meta":{"footnotes":""},"categories":[1],"tags":[],"class_list":["post-6073","post","type-post","status-publish","format-standard","has-post-thumbnail","hentry","category-generale"],"yoast_head":"<!-- This site is optimized with the Yoast SEO plugin v28.2 - https:\/\/yoast.com\/product\/yoast-seo-wordpress\/ -->\n<title>Stelle Michelin a \u00e8Cucina: torna il men\u00f9 del Desco! - E&#039; Cucina<\/title>\n<meta name=\"robots\" content=\"index, follow, max-snippet:-1, max-image-preview:large, max-video-preview:-1\" \/>\n<link rel=\"canonical\" href=\"https:\/\/www.ecucina.eu\/site\/stelle-michelin-a-ecucina-torna-il-menu-del-desco\/\" \/>\n<meta property=\"og:locale\" content=\"en_US\" \/>\n<meta property=\"og:type\" content=\"article\" \/>\n<meta property=\"og:title\" content=\"le Stelle Michelin a \u00e8cucina: men\u00f9 del Ristorante Il Desco\" \/>\n<meta property=\"og:description\" content=\"Hai sempre sognato di creare insieme allo chef i piatti del suo men\u00f9? Soprattutto quando il ristorante \u00e8 stellato e il suo men\u00f9 \u00e8 quello del rinomato Ristorante Veronese Il Desco! Appuntamento affezionato di \u00e8 cucina con le stelle : ritorna il men\u00f9 del Ristorante il Desco, 1 stella Michelin, lo chef Ivan Bonamini, sous-chef di Matteo Rizzo, ci condurr\u00e0 in un corso pratico svelando i segreti di alcuni piatti stellati del men\u00f9 in corso!\" \/>\n<meta property=\"og:url\" content=\"https:\/\/www.ecucina.eu\/site\/stelle-michelin-a-ecucina-torna-il-menu-del-desco\/\" \/>\n<meta property=\"og:site_name\" content=\"E&#039; Cucina\" \/>\n<meta property=\"article:published_time\" content=\"2019-02-17T15:54:33+00:00\" \/>\n<meta property=\"og:image\" content=\"https:\/\/www.ecucina.eu\/site\/wp-content\/uploads\/2018\/12\/il-Desco-.png\" \/>\n\t<meta property=\"og:image:width\" content=\"1200\" \/>\n\t<meta property=\"og:image:height\" content=\"628\" \/>\n\t<meta property=\"og:image:type\" content=\"image\/png\" \/>\n<meta name=\"author\" content=\"admin\" \/>\n<meta name=\"twitter:card\" content=\"summary_large_image\" \/>\n<meta name=\"twitter:label1\" content=\"Written by\" \/>\n\t<meta name=\"twitter:data1\" content=\"admin\" \/>\n\t<meta name=\"twitter:label2\" content=\"Est. reading time\" \/>\n\t<meta name=\"twitter:data2\" content=\"2 minutes\" \/>\n<script type=\"application\/ld+json\" class=\"yoast-schema-graph\">{\"@context\":\"https:\\\/\\\/schema.org\",\"@graph\":[{\"@type\":\"Article\",\"@id\":\"https:\\\/\\\/www.ecucina.eu\\\/site\\\/stelle-michelin-a-ecucina-torna-il-menu-del-desco\\\/#article\",\"isPartOf\":{\"@id\":\"https:\\\/\\\/www.ecucina.eu\\\/site\\\/stelle-michelin-a-ecucina-torna-il-menu-del-desco\\\/\"},\"author\":{\"name\":\"admin\",\"@id\":\"https:\\\/\\\/www.ecucina.eu\\\/site\\\/#\\\/schema\\\/person\\\/dacc8129bde8d32da74f0a071b909dfd\"},\"headline\":\"Stelle Michelin a \u00e8Cucina: torna il men\u00f9 del Desco!\",\"datePublished\":\"2019-02-17T15:54:33+00:00\",\"mainEntityOfPage\":{\"@id\":\"https:\\\/\\\/www.ecucina.eu\\\/site\\\/stelle-michelin-a-ecucina-torna-il-menu-del-desco\\\/\"},\"wordCount\":333,\"commentCount\":0,\"image\":{\"@id\":\"https:\\\/\\\/www.ecucina.eu\\\/site\\\/stelle-michelin-a-ecucina-torna-il-menu-del-desco\\\/#primaryimage\"},\"thumbnailUrl\":\"https:\\\/\\\/www.ecucina.eu\\\/site\\\/wp-content\\\/uploads\\\/2018\\\/12\\\/il-Desco-.png\",\"articleSection\":[\"Generale\"],\"inLanguage\":\"en-US\",\"potentialAction\":[{\"@type\":\"CommentAction\",\"name\":\"Comment\",\"target\":[\"https:\\\/\\\/www.ecucina.eu\\\/site\\\/stelle-michelin-a-ecucina-torna-il-menu-del-desco\\\/#respond\"]}]},{\"@type\":\"WebPage\",\"@id\":\"https:\\\/\\\/www.ecucina.eu\\\/site\\\/stelle-michelin-a-ecucina-torna-il-menu-del-desco\\\/\",\"url\":\"https:\\\/\\\/www.ecucina.eu\\\/site\\\/stelle-michelin-a-ecucina-torna-il-menu-del-desco\\\/\",\"name\":\"Stelle Michelin a \u00e8Cucina: torna il men\u00f9 del Desco! - E&#039; Cucina\",\"isPartOf\":{\"@id\":\"https:\\\/\\\/www.ecucina.eu\\\/site\\\/#website\"},\"primaryImageOfPage\":{\"@id\":\"https:\\\/\\\/www.ecucina.eu\\\/site\\\/stelle-michelin-a-ecucina-torna-il-menu-del-desco\\\/#primaryimage\"},\"image\":{\"@id\":\"https:\\\/\\\/www.ecucina.eu\\\/site\\\/stelle-michelin-a-ecucina-torna-il-menu-del-desco\\\/#primaryimage\"},\"thumbnailUrl\":\"https:\\\/\\\/www.ecucina.eu\\\/site\\\/wp-content\\\/uploads\\\/2018\\\/12\\\/il-Desco-.png\",\"datePublished\":\"2019-02-17T15:54:33+00:00\",\"author\":{\"@id\":\"https:\\\/\\\/www.ecucina.eu\\\/site\\\/#\\\/schema\\\/person\\\/dacc8129bde8d32da74f0a071b909dfd\"},\"breadcrumb\":{\"@id\":\"https:\\\/\\\/www.ecucina.eu\\\/site\\\/stelle-michelin-a-ecucina-torna-il-menu-del-desco\\\/#breadcrumb\"},\"inLanguage\":\"en-US\",\"potentialAction\":[{\"@type\":\"ReadAction\",\"target\":[\"https:\\\/\\\/www.ecucina.eu\\\/site\\\/stelle-michelin-a-ecucina-torna-il-menu-del-desco\\\/\"]}]},{\"@type\":\"ImageObject\",\"inLanguage\":\"en-US\",\"@id\":\"https:\\\/\\\/www.ecucina.eu\\\/site\\\/stelle-michelin-a-ecucina-torna-il-menu-del-desco\\\/#primaryimage\",\"url\":\"https:\\\/\\\/www.ecucina.eu\\\/site\\\/wp-content\\\/uploads\\\/2018\\\/12\\\/il-Desco-.png\",\"contentUrl\":\"https:\\\/\\\/www.ecucina.eu\\\/site\\\/wp-content\\\/uploads\\\/2018\\\/12\\\/il-Desco-.png\",\"width\":1200,\"height\":628,\"caption\":\"Chef stellati a \u00e8Cucina\"},{\"@type\":\"BreadcrumbList\",\"@id\":\"https:\\\/\\\/www.ecucina.eu\\\/site\\\/stelle-michelin-a-ecucina-torna-il-menu-del-desco\\\/#breadcrumb\",\"itemListElement\":[{\"@type\":\"ListItem\",\"position\":1,\"name\":\"Home\",\"item\":\"https:\\\/\\\/www.ecucina.eu\\\/site\\\/\"},{\"@type\":\"ListItem\",\"position\":2,\"name\":\"Stelle Michelin a \u00e8Cucina: torna il men\u00f9 del Desco!\"}]},{\"@type\":\"WebSite\",\"@id\":\"https:\\\/\\\/www.ecucina.eu\\\/site\\\/#website\",\"url\":\"https:\\\/\\\/www.ecucina.eu\\\/site\\\/\",\"name\":\"E&#039; Cucina\",\"description\":\"La prima scuola di cucina di Verona\",\"potentialAction\":[{\"@type\":\"SearchAction\",\"target\":{\"@type\":\"EntryPoint\",\"urlTemplate\":\"https:\\\/\\\/www.ecucina.eu\\\/site\\\/?s={search_term_string}\"},\"query-input\":{\"@type\":\"PropertyValueSpecification\",\"valueRequired\":true,\"valueName\":\"search_term_string\"}}],\"inLanguage\":\"en-US\"},{\"@type\":\"Person\",\"@id\":\"https:\\\/\\\/www.ecucina.eu\\\/site\\\/#\\\/schema\\\/person\\\/dacc8129bde8d32da74f0a071b909dfd\",\"name\":\"admin\",\"image\":{\"@type\":\"ImageObject\",\"inLanguage\":\"en-US\",\"@id\":\"https:\\\/\\\/secure.gravatar.com\\\/avatar\\\/232801ea36ced609fe353766565d0e5eb898db00d74d7e235eb5809802833750?s=96&d=mm&r=g\",\"url\":\"https:\\\/\\\/secure.gravatar.com\\\/avatar\\\/232801ea36ced609fe353766565d0e5eb898db00d74d7e235eb5809802833750?s=96&d=mm&r=g\",\"contentUrl\":\"https:\\\/\\\/secure.gravatar.com\\\/avatar\\\/232801ea36ced609fe353766565d0e5eb898db00d74d7e235eb5809802833750?s=96&d=mm&r=g\",\"caption\":\"admin\"},\"url\":\"https:\\\/\\\/www.ecucina.eu\\\/site\\\/author\\\/admin\\\/\"}]}<\/script>\n<!-- \/ Yoast SEO plugin. -->","yoast_head_json":{"title":"Stelle Michelin a \u00e8Cucina: torna il men\u00f9 del Desco! - E&#039; Cucina","robots":{"index":"index","follow":"follow","max-snippet":"max-snippet:-1","max-image-preview":"max-image-preview:large","max-video-preview":"max-video-preview:-1"},"canonical":"https:\/\/www.ecucina.eu\/site\/stelle-michelin-a-ecucina-torna-il-menu-del-desco\/","og_locale":"en_US","og_type":"article","og_title":"le Stelle Michelin a \u00e8cucina: men\u00f9 del Ristorante Il Desco","og_description":"Hai sempre sognato di creare insieme allo chef i piatti del suo men\u00f9? Soprattutto quando il ristorante \u00e8 stellato e il suo men\u00f9 \u00e8 quello del rinomato Ristorante Veronese Il Desco! Appuntamento affezionato di \u00e8 cucina con le stelle : ritorna il men\u00f9 del Ristorante il Desco, 1 stella Michelin, lo chef Ivan Bonamini, sous-chef di Matteo Rizzo, ci condurr\u00e0 in un corso pratico svelando i segreti di alcuni piatti stellati del men\u00f9 in corso!","og_url":"https:\/\/www.ecucina.eu\/site\/stelle-michelin-a-ecucina-torna-il-menu-del-desco\/","og_site_name":"E&#039; Cucina","article_published_time":"2019-02-17T15:54:33+00:00","og_image":[{"width":1200,"height":628,"url":"https:\/\/www.ecucina.eu\/site\/wp-content\/uploads\/2018\/12\/il-Desco-.png","type":"image\/png"}],"author":"admin","twitter_card":"summary_large_image","twitter_misc":{"Written by":"admin","Est. reading time":"2 minutes"},"schema":{"@context":"https:\/\/schema.org","@graph":[{"@type":"Article","@id":"https:\/\/www.ecucina.eu\/site\/stelle-michelin-a-ecucina-torna-il-menu-del-desco\/#article","isPartOf":{"@id":"https:\/\/www.ecucina.eu\/site\/stelle-michelin-a-ecucina-torna-il-menu-del-desco\/"},"author":{"name":"admin","@id":"https:\/\/www.ecucina.eu\/site\/#\/schema\/person\/dacc8129bde8d32da74f0a071b909dfd"},"headline":"Stelle Michelin a \u00e8Cucina: torna il men\u00f9 del Desco!","datePublished":"2019-02-17T15:54:33+00:00","mainEntityOfPage":{"@id":"https:\/\/www.ecucina.eu\/site\/stelle-michelin-a-ecucina-torna-il-menu-del-desco\/"},"wordCount":333,"commentCount":0,"image":{"@id":"https:\/\/www.ecucina.eu\/site\/stelle-michelin-a-ecucina-torna-il-menu-del-desco\/#primaryimage"},"thumbnailUrl":"https:\/\/www.ecucina.eu\/site\/wp-content\/uploads\/2018\/12\/il-Desco-.png","articleSection":["Generale"],"inLanguage":"en-US","potentialAction":[{"@type":"CommentAction","name":"Comment","target":["https:\/\/www.ecucina.eu\/site\/stelle-michelin-a-ecucina-torna-il-menu-del-desco\/#respond"]}]},{"@type":"WebPage","@id":"https:\/\/www.ecucina.eu\/site\/stelle-michelin-a-ecucina-torna-il-menu-del-desco\/","url":"https:\/\/www.ecucina.eu\/site\/stelle-michelin-a-ecucina-torna-il-menu-del-desco\/","name":"Stelle Michelin a \u00e8Cucina: torna il men\u00f9 del Desco! - E&#039; Cucina","isPartOf":{"@id":"https:\/\/www.ecucina.eu\/site\/#website"},"primaryImageOfPage":{"@id":"https:\/\/www.ecucina.eu\/site\/stelle-michelin-a-ecucina-torna-il-menu-del-desco\/#primaryimage"},"image":{"@id":"https:\/\/www.ecucina.eu\/site\/stelle-michelin-a-ecucina-torna-il-menu-del-desco\/#primaryimage"},"thumbnailUrl":"https:\/\/www.ecucina.eu\/site\/wp-content\/uploads\/2018\/12\/il-Desco-.png","datePublished":"2019-02-17T15:54:33+00:00","author":{"@id":"https:\/\/www.ecucina.eu\/site\/#\/schema\/person\/dacc8129bde8d32da74f0a071b909dfd"},"breadcrumb":{"@id":"https:\/\/www.ecucina.eu\/site\/stelle-michelin-a-ecucina-torna-il-menu-del-desco\/#breadcrumb"},"inLanguage":"en-US","potentialAction":[{"@type":"ReadAction","target":["https:\/\/www.ecucina.eu\/site\/stelle-michelin-a-ecucina-torna-il-menu-del-desco\/"]}]},{"@type":"ImageObject","inLanguage":"en-US","@id":"https:\/\/www.ecucina.eu\/site\/stelle-michelin-a-ecucina-torna-il-menu-del-desco\/#primaryimage","url":"https:\/\/www.ecucina.eu\/site\/wp-content\/uploads\/2018\/12\/il-Desco-.png","contentUrl":"https:\/\/www.ecucina.eu\/site\/wp-content\/uploads\/2018\/12\/il-Desco-.png","width":1200,"height":628,"caption":"Chef stellati a \u00e8Cucina"},{"@type":"BreadcrumbList","@id":"https:\/\/www.ecucina.eu\/site\/stelle-michelin-a-ecucina-torna-il-menu-del-desco\/#breadcrumb","itemListElement":[{"@type":"ListItem","position":1,"name":"Home","item":"https:\/\/www.ecucina.eu\/site\/"},{"@type":"ListItem","position":2,"name":"Stelle Michelin a \u00e8Cucina: torna il men\u00f9 del Desco!"}]},{"@type":"WebSite","@id":"https:\/\/www.ecucina.eu\/site\/#website","url":"https:\/\/www.ecucina.eu\/site\/","name":"E&#039; Cucina","description":"La prima scuola di cucina di Verona","potentialAction":[{"@type":"SearchAction","target":{"@type":"EntryPoint","urlTemplate":"https:\/\/www.ecucina.eu\/site\/?s={search_term_string}"},"query-input":{"@type":"PropertyValueSpecification","valueRequired":true,"valueName":"search_term_string"}}],"inLanguage":"en-US"},{"@type":"Person","@id":"https:\/\/www.ecucina.eu\/site\/#\/schema\/person\/dacc8129bde8d32da74f0a071b909dfd","name":"admin","image":{"@type":"ImageObject","inLanguage":"en-US","@id":"https:\/\/secure.gravatar.com\/avatar\/232801ea36ced609fe353766565d0e5eb898db00d74d7e235eb5809802833750?s=96&d=mm&r=g","url":"https:\/\/secure.gravatar.com\/avatar\/232801ea36ced609fe353766565d0e5eb898db00d74d7e235eb5809802833750?s=96&d=mm&r=g","contentUrl":"https:\/\/secure.gravatar.com\/avatar\/232801ea36ced609fe353766565d0e5eb898db00d74d7e235eb5809802833750?s=96&d=mm&r=g","caption":"admin"},"url":"https:\/\/www.ecucina.eu\/site\/author\/admin\/"}]}},"_links":{"self":[{"href":"https:\/\/www.ecucina.eu\/site\/wp-json\/wp\/v2\/posts\/6073","targetHints":{"allow":["GET"]}}],"collection":[{"href":"https:\/\/www.ecucina.eu\/site\/wp-json\/wp\/v2\/posts"}],"about":[{"href":"https:\/\/www.ecucina.eu\/site\/wp-json\/wp\/v2\/types\/post"}],"author":[{"embeddable":true,"href":"https:\/\/www.ecucina.eu\/site\/wp-json\/wp\/v2\/users\/1"}],"replies":[{"embeddable":true,"href":"https:\/\/www.ecucina.eu\/site\/wp-json\/wp\/v2\/comments?post=6073"}],"version-history":[{"count":1,"href":"https:\/\/www.ecucina.eu\/site\/wp-json\/wp\/v2\/posts\/6073\/revisions"}],"predecessor-version":[{"id":6075,"href":"https:\/\/www.ecucina.eu\/site\/wp-json\/wp\/v2\/posts\/6073\/revisions\/6075"}],"wp:featuredmedia":[{"embeddable":true,"href":"https:\/\/www.ecucina.eu\/site\/wp-json\/wp\/v2\/media\/6066"}],"wp:attachment":[{"href":"https:\/\/www.ecucina.eu\/site\/wp-json\/wp\/v2\/media?parent=6073"}],"wp:term":[{"taxonomy":"category","embeddable":true,"href":"https:\/\/www.ecucina.eu\/site\/wp-json\/wp\/v2\/categories?post=6073"},{"taxonomy":"post_tag","embeddable":true,"href":"https:\/\/www.ecucina.eu\/site\/wp-json\/wp\/v2\/tags?post=6073"}],"curies":[{"name":"wp","href":"https:\/\/api.w.org\/{rel}","templated":true}]}}