{"id":6339,"date":"2019-05-27T09:01:57","date_gmt":"2019-05-27T09:01:57","guid":{"rendered":"https:\/\/www.ecucina.eu\/site\/?p=6339"},"modified":"2019-05-27T09:01:57","modified_gmt":"2019-05-27T09:01:57","slug":"i-prossimi-corsi-di-cucina-a-ecucina-27-maggio-1-giugno","status":"publish","type":"post","link":"https:\/\/www.ecucina.eu\/site\/i-prossimi-corsi-di-cucina-a-ecucina-27-maggio-1-giugno\/","title":{"rendered":"I prossimi corsi di cucina a \u00e9Cucina: 27 maggio-1 giugno"},"content":{"rendered":"<p><strong>Forse l&#8217;avevamo gi\u00e0 detto, ma ora inizier\u00e0\u00a0 davvero l&#8217;estate!<\/strong> In ogni caso \u00e8 tornato <strong>il nostro gelataio preferito Zeno<\/strong> Gelato e Cioccolato che ha riaperto la sua gelateria premiatissima e sar\u00e0 a \u00e8Cucina con i suoi gelati innovativi il 31 maggio.\u00a0 Non mancher\u00e0<strong> il pane, tutto e semi e frutta,<\/strong> sotto la guida del nostro Ale e, infine, per rilassarsi un p\u00f2, il corso <strong>showcooking, seduto e servito, con le\u00a0 ricette per i vostri brunch!<br \/>\n<\/strong><\/p>\n<p>Si parte!<\/p>\n<p>Da luned\u00ec 27\u00a0 maggio\u00a0 ti proponiamo:<\/p>\n<ul>\n<li><strong>Pane tutto frutta e semi,<\/strong> una lezione 100% pratica\u00a0 per imparare ad impastare, lievitare e cuocere golosi pani tutti frutta e semi!\u00a0 <strong>mercoled\u00ec 29 maggio\u00a0 ore 19.30\u00a0 ,<\/strong> <a href=\"https:\/\/www.ecucina.eu\/site\/events\/new-pani-con-semi-e-frutta\/\">scopri di pi\u00f9<\/a><\/li>\n<li><strong>Dimostrativo: Brunch, pancakes, french toast &amp;Co<\/strong>, un nuovo corso Showcooking, seduto e servito! Per imparare a creare un ricco brunch con i segreti dello chef!, <strong>mercoled\u00ec 29 maggio ore 19.30<\/strong>, <a href=\"https:\/\/www.ecucina.eu\/site\/events\/corso-dimostrativo-brunch-pancakes-french-toast-co\/\">scopri di pi\u00f9<\/a><\/li>\n<li><strong>Le Stelle a \u00e8Cucina: men\u00f9 del Ristorante Joia di Pietro Leemann<\/strong>, appuntamento prezioso con l&#8217;alta cucina vegetariana stellata del Ristorante Joia di Milano di Pietro Leemann, per un esperienza gastronomica unica , <strong>venerd\u00ec 31\u00a0 maggio\u00a0<\/strong> ore 19.30, <a href=\"https:\/\/www.ecucina.eu\/site\/events\/chef-stellati-a-e-cucina-menu-del-joia-di-pietro-leemann-nuove-ricette\/\">scopri di pi\u00f9<\/a><\/li>\n<li><strong>Principianti in cucina, il pesce, <\/strong>la lezione sul pesce per sopravvivere in cucina! <strong>venerd\u00ec 31 maggio ore 19.30<\/strong>, <a href=\"https:\/\/www.ecucina.eu\/site\/events\/principianti-in-cucina-il-pesce-3\/\">scopri di pi\u00f9<\/a><\/li>\n<li><strong>I Gelati innovativi di Zeno,<\/strong> il corso sui gelati pi\u00f9 buoni di Verona , <strong>venerd\u00ec 31 maggio ore 19.30<\/strong>, <a href=\"https:\/\/www.ecucina.eu\/site\/events\/pasticceria-i-gelati-innovativi-di-zeno\/\">scopri di pi\u00f9<\/a><\/li>\n<\/ul>\n<p><strong>E poi?!<\/strong><\/p>\n<ul>\n<li><strong>Paella e Sangria<\/strong>, la nostra paella preferita sotto la guida di Biagio Giannetti , <strong>luned\u00ec 3 giugno\u00a0<\/strong> ore 19.30, <a href=\"https:\/\/www.ecucina.eu\/site\/events\/paella-sangria-4\/\">scopri il men\u00f9<\/a><\/li>\n<li><strong>Lezione di prova per l&#8217;anno accademico 2019-2020 delle Accademie di cucina e pasticceria per ragazzi, <\/strong>un percorso annuale nel mondo della cucina professionale per ragazzi dai 9 anni, <strong>marted\u00ec 4 giugno\u00a0 ore 18.00\u00a0<\/strong> <a href=\"https:\/\/www.ecucina.eu\/site\/events\/lezione-di-prova-e-selezione-junior-chef-e-junior-bakery-academy-anno-2019-2020\/\">scopri di pi\u00f9<\/a><\/li>\n<li><strong>Dimostrativo: gnocco fritto e panzerotto<\/strong>, un nuovo corso Showcooking, seduto e servito! Per imparare a creare golosit\u00e0 lievitate e fritte per l&#8217;estate <strong>mercoled\u00ec 5 giugno ore 19.30<\/strong>, <a href=\"https:\/\/www.ecucina.eu\/site\/events\/corso-dimostrativo-gnocco-fritto-e-panzerotto\/\">scopri di pi\u00f9<\/a><\/li>\n<li><strong>Saggio di fine anno dell&#8217; Accademi di Cucina per ragazzi-Junior Chef Academy 2\u00b0 anno, sabato 1 giugno. <\/strong><\/li>\n<\/ul>\n<p><strong>Cosa aspetti? Preiscriviti subito ai corsi!\u00a0 Scrivici a info@ecucina.eu<\/strong><\/p>\n<p><strong>Chiamaci al 3341934095<\/strong><br \/>\nTi aspettiamo la prossima settimana con i nostri aggiornamenti.<br \/>\nI<strong>nformazioni importanti per te!<\/strong><\/p>\n<p><a href=\"https:\/\/ecucina.us7.list-manage.com\/track\/click?u=af1e2bbc201daded4b766372f&amp;id=e78214602b&amp;e=5270640d07\"><strong>Scopri tutti i nostri menu cliccando sul singolo corso del nostro calendario!<\/strong><\/a><\/p>\n<p><strong>\u00a0<\/strong><\/p>\n<p>I<b>nformazioni importanti per te!<\/b><\/p>\n<p>Ti ricordiamo che i corsi di cucina si svolgono in postazioni fisse o aule didattiche, che sono corsi PRATICI (tranne qualche eccezione per esigenze didattiche e per specifici chef, chiedi quali)\u00a0 e ti faranno imparare veramente a cucinare.<br \/>\nI nostri corsi di cucina durano circa 3 ore.<br \/>\nI programmi possono subire modifiche e variazioni in base alla disponibilit\u00e0 degli ingredienti sul mercato.<\/p>\n<p>I corsi sono a numero limitato. Se sei interessato, chiama subito o scrivici a <a href=\"mailto:info@ecucina.eu\">info@ecucina.eu<\/a><\/p>\n<p>Non aspettare l\u2019ultimo minuto. Ci sono tanti corsi per te.<\/p>\n<p>Scopri il <a href=\"https:\/\/www.ecucina.eu\/site\/wp-content\/uploads\/2019\/01\/feb-giu_2019_web.pdf\">nuovo catalogo dei corsi febbraio-giugno\u00a0 2109<\/a><\/p>\n","protected":false},"excerpt":{"rendered":"<p>Forse l&#8217;avevamo gi\u00e0 detto, ma ora inizier\u00e0\u00a0 davvero l&#8217;estate! In ogni caso \u00e8 tornato il nostro gelataio preferito Zeno Gelato e Cioccolato che ha riaperto la sua gelateria premiatissima e sar\u00e0 a \u00e8Cucina con i suoi gelati innovativi il 31 maggio.\u00a0 Non mancher\u00e0 il pane, tutto e semi e frutta, sotto la guida del nostro&#8230;<\/p>\n","protected":false},"author":1,"featured_media":6340,"comment_status":"open","ping_status":"open","sticky":false,"template":"","format":"standard","meta":{"footnotes":""},"categories":[1767],"tags":[],"class_list":["post-6339","post","type-post","status-publish","format-standard","has-post-thumbnail","hentry","category-corsi-di-cucina"],"yoast_head":"<!-- This site is optimized with the Yoast SEO plugin v28.2 - https:\/\/yoast.com\/product\/yoast-seo-wordpress\/ -->\n<title>I prossimi corsi di cucina a \u00e9Cucina: 27 maggio-1 giugno - E&#039; Cucina<\/title>\n<meta name=\"robots\" content=\"index, follow, max-snippet:-1, max-image-preview:large, max-video-preview:-1\" \/>\n<link rel=\"canonical\" href=\"https:\/\/www.ecucina.eu\/site\/i-prossimi-corsi-di-cucina-a-ecucina-27-maggio-1-giugno\/\" \/>\n<meta property=\"og:locale\" content=\"en_US\" \/>\n<meta property=\"og:type\" content=\"article\" \/>\n<meta property=\"og:title\" content=\"I prossimi corsi di cucina a \u00e8Cucina: 27 maggio-1 giugno\" \/>\n<meta property=\"og:description\" content=\"Forse l&#039;avevamo gi\u00e0 detto, ma ora inizier\u00e0\u00a0 davvero l&#039;estate! In ogni caso \u00e8 tornato il nostro gelataio preferito Zeno Gelato e Cioccolato che ha riaperto la sua gelateria premiatissima e sar\u00e0 a \u00e8Cucina con i suoi gelati innovativi il 31 maggio.\u00a0 Non mancher\u00e0 il pane, tutto e semi e frutta, sotto la guida del nostro Ale e, infine, per rilassarsi un p\u00f2 il corso showcooking, seduto e servito sulle ricette per i nostri brunch!\" \/>\n<meta property=\"og:url\" content=\"https:\/\/www.ecucina.eu\/site\/i-prossimi-corsi-di-cucina-a-ecucina-27-maggio-1-giugno\/\" \/>\n<meta property=\"og:site_name\" content=\"E&#039; Cucina\" \/>\n<meta property=\"article:published_time\" content=\"2019-05-27T09:01:57+00:00\" \/>\n<meta property=\"og:image\" content=\"https:\/\/www.ecucina.eu\/site\/wp-content\/uploads\/2019\/05\/Corsi-di-cucina-della-settimana-27-1-giugno.jpg\" \/>\n\t<meta property=\"og:image:width\" content=\"1200\" \/>\n\t<meta property=\"og:image:height\" content=\"628\" \/>\n\t<meta property=\"og:image:type\" content=\"image\/jpeg\" \/>\n<meta name=\"author\" content=\"admin\" \/>\n<meta name=\"twitter:card\" content=\"summary_large_image\" \/>\n<meta name=\"twitter:label1\" content=\"Written by\" \/>\n\t<meta name=\"twitter:data1\" content=\"admin\" \/>\n\t<meta name=\"twitter:label2\" content=\"Est. reading time\" \/>\n\t<meta name=\"twitter:data2\" content=\"2 minutes\" \/>\n<script type=\"application\/ld+json\" class=\"yoast-schema-graph\">{\"@context\":\"https:\\\/\\\/schema.org\",\"@graph\":[{\"@type\":\"Article\",\"@id\":\"https:\\\/\\\/www.ecucina.eu\\\/site\\\/i-prossimi-corsi-di-cucina-a-ecucina-27-maggio-1-giugno\\\/#article\",\"isPartOf\":{\"@id\":\"https:\\\/\\\/www.ecucina.eu\\\/site\\\/i-prossimi-corsi-di-cucina-a-ecucina-27-maggio-1-giugno\\\/\"},\"author\":{\"name\":\"admin\",\"@id\":\"https:\\\/\\\/www.ecucina.eu\\\/site\\\/#\\\/schema\\\/person\\\/dacc8129bde8d32da74f0a071b909dfd\"},\"headline\":\"I prossimi corsi di cucina a \u00e9Cucina: 27 maggio-1 giugno\",\"datePublished\":\"2019-05-27T09:01:57+00:00\",\"mainEntityOfPage\":{\"@id\":\"https:\\\/\\\/www.ecucina.eu\\\/site\\\/i-prossimi-corsi-di-cucina-a-ecucina-27-maggio-1-giugno\\\/\"},\"wordCount\":458,\"commentCount\":0,\"image\":{\"@id\":\"https:\\\/\\\/www.ecucina.eu\\\/site\\\/i-prossimi-corsi-di-cucina-a-ecucina-27-maggio-1-giugno\\\/#primaryimage\"},\"thumbnailUrl\":\"https:\\\/\\\/www.ecucina.eu\\\/site\\\/wp-content\\\/uploads\\\/2019\\\/05\\\/Corsi-di-cucina-della-settimana-27-1-giugno.jpg\",\"articleSection\":[\"corsi di cucina\"],\"inLanguage\":\"en-US\",\"potentialAction\":[{\"@type\":\"CommentAction\",\"name\":\"Comment\",\"target\":[\"https:\\\/\\\/www.ecucina.eu\\\/site\\\/i-prossimi-corsi-di-cucina-a-ecucina-27-maggio-1-giugno\\\/#respond\"]}]},{\"@type\":\"WebPage\",\"@id\":\"https:\\\/\\\/www.ecucina.eu\\\/site\\\/i-prossimi-corsi-di-cucina-a-ecucina-27-maggio-1-giugno\\\/\",\"url\":\"https:\\\/\\\/www.ecucina.eu\\\/site\\\/i-prossimi-corsi-di-cucina-a-ecucina-27-maggio-1-giugno\\\/\",\"name\":\"I prossimi corsi di cucina a \u00e9Cucina: 27 maggio-1 giugno - E&#039; Cucina\",\"isPartOf\":{\"@id\":\"https:\\\/\\\/www.ecucina.eu\\\/site\\\/#website\"},\"primaryImageOfPage\":{\"@id\":\"https:\\\/\\\/www.ecucina.eu\\\/site\\\/i-prossimi-corsi-di-cucina-a-ecucina-27-maggio-1-giugno\\\/#primaryimage\"},\"image\":{\"@id\":\"https:\\\/\\\/www.ecucina.eu\\\/site\\\/i-prossimi-corsi-di-cucina-a-ecucina-27-maggio-1-giugno\\\/#primaryimage\"},\"thumbnailUrl\":\"https:\\\/\\\/www.ecucina.eu\\\/site\\\/wp-content\\\/uploads\\\/2019\\\/05\\\/Corsi-di-cucina-della-settimana-27-1-giugno.jpg\",\"datePublished\":\"2019-05-27T09:01:57+00:00\",\"author\":{\"@id\":\"https:\\\/\\\/www.ecucina.eu\\\/site\\\/#\\\/schema\\\/person\\\/dacc8129bde8d32da74f0a071b909dfd\"},\"breadcrumb\":{\"@id\":\"https:\\\/\\\/www.ecucina.eu\\\/site\\\/i-prossimi-corsi-di-cucina-a-ecucina-27-maggio-1-giugno\\\/#breadcrumb\"},\"inLanguage\":\"en-US\",\"potentialAction\":[{\"@type\":\"ReadAction\",\"target\":[\"https:\\\/\\\/www.ecucina.eu\\\/site\\\/i-prossimi-corsi-di-cucina-a-ecucina-27-maggio-1-giugno\\\/\"]}]},{\"@type\":\"ImageObject\",\"inLanguage\":\"en-US\",\"@id\":\"https:\\\/\\\/www.ecucina.eu\\\/site\\\/i-prossimi-corsi-di-cucina-a-ecucina-27-maggio-1-giugno\\\/#primaryimage\",\"url\":\"https:\\\/\\\/www.ecucina.eu\\\/site\\\/wp-content\\\/uploads\\\/2019\\\/05\\\/Corsi-di-cucina-della-settimana-27-1-giugno.jpg\",\"contentUrl\":\"https:\\\/\\\/www.ecucina.eu\\\/site\\\/wp-content\\\/uploads\\\/2019\\\/05\\\/Corsi-di-cucina-della-settimana-27-1-giugno.jpg\",\"width\":1200,\"height\":628},{\"@type\":\"BreadcrumbList\",\"@id\":\"https:\\\/\\\/www.ecucina.eu\\\/site\\\/i-prossimi-corsi-di-cucina-a-ecucina-27-maggio-1-giugno\\\/#breadcrumb\",\"itemListElement\":[{\"@type\":\"ListItem\",\"position\":1,\"name\":\"Home\",\"item\":\"https:\\\/\\\/www.ecucina.eu\\\/site\\\/\"},{\"@type\":\"ListItem\",\"position\":2,\"name\":\"I prossimi corsi di cucina a \u00e9Cucina: 27 maggio-1 giugno\"}]},{\"@type\":\"WebSite\",\"@id\":\"https:\\\/\\\/www.ecucina.eu\\\/site\\\/#website\",\"url\":\"https:\\\/\\\/www.ecucina.eu\\\/site\\\/\",\"name\":\"E&#039; Cucina\",\"description\":\"La prima scuola di cucina di Verona\",\"potentialAction\":[{\"@type\":\"SearchAction\",\"target\":{\"@type\":\"EntryPoint\",\"urlTemplate\":\"https:\\\/\\\/www.ecucina.eu\\\/site\\\/?s={search_term_string}\"},\"query-input\":{\"@type\":\"PropertyValueSpecification\",\"valueRequired\":true,\"valueName\":\"search_term_string\"}}],\"inLanguage\":\"en-US\"},{\"@type\":\"Person\",\"@id\":\"https:\\\/\\\/www.ecucina.eu\\\/site\\\/#\\\/schema\\\/person\\\/dacc8129bde8d32da74f0a071b909dfd\",\"name\":\"admin\",\"image\":{\"@type\":\"ImageObject\",\"inLanguage\":\"en-US\",\"@id\":\"https:\\\/\\\/secure.gravatar.com\\\/avatar\\\/232801ea36ced609fe353766565d0e5eb898db00d74d7e235eb5809802833750?s=96&d=mm&r=g\",\"url\":\"https:\\\/\\\/secure.gravatar.com\\\/avatar\\\/232801ea36ced609fe353766565d0e5eb898db00d74d7e235eb5809802833750?s=96&d=mm&r=g\",\"contentUrl\":\"https:\\\/\\\/secure.gravatar.com\\\/avatar\\\/232801ea36ced609fe353766565d0e5eb898db00d74d7e235eb5809802833750?s=96&d=mm&r=g\",\"caption\":\"admin\"},\"url\":\"https:\\\/\\\/www.ecucina.eu\\\/site\\\/author\\\/admin\\\/\"}]}<\/script>\n<!-- \/ Yoast SEO plugin. -->","yoast_head_json":{"title":"I prossimi corsi di cucina a \u00e9Cucina: 27 maggio-1 giugno - E&#039; Cucina","robots":{"index":"index","follow":"follow","max-snippet":"max-snippet:-1","max-image-preview":"max-image-preview:large","max-video-preview":"max-video-preview:-1"},"canonical":"https:\/\/www.ecucina.eu\/site\/i-prossimi-corsi-di-cucina-a-ecucina-27-maggio-1-giugno\/","og_locale":"en_US","og_type":"article","og_title":"I prossimi corsi di cucina a \u00e8Cucina: 27 maggio-1 giugno","og_description":"Forse l'avevamo gi\u00e0 detto, ma ora inizier\u00e0\u00a0 davvero l'estate! In ogni caso \u00e8 tornato il nostro gelataio preferito Zeno Gelato e Cioccolato che ha riaperto la sua gelateria premiatissima e sar\u00e0 a \u00e8Cucina con i suoi gelati innovativi il 31 maggio.\u00a0 Non mancher\u00e0 il pane, tutto e semi e frutta, sotto la guida del nostro Ale e, infine, per rilassarsi un p\u00f2 il corso showcooking, seduto e servito sulle ricette per i nostri brunch!","og_url":"https:\/\/www.ecucina.eu\/site\/i-prossimi-corsi-di-cucina-a-ecucina-27-maggio-1-giugno\/","og_site_name":"E&#039; Cucina","article_published_time":"2019-05-27T09:01:57+00:00","og_image":[{"width":1200,"height":628,"url":"https:\/\/www.ecucina.eu\/site\/wp-content\/uploads\/2019\/05\/Corsi-di-cucina-della-settimana-27-1-giugno.jpg","type":"image\/jpeg"}],"author":"admin","twitter_card":"summary_large_image","twitter_misc":{"Written by":"admin","Est. reading time":"2 minutes"},"schema":{"@context":"https:\/\/schema.org","@graph":[{"@type":"Article","@id":"https:\/\/www.ecucina.eu\/site\/i-prossimi-corsi-di-cucina-a-ecucina-27-maggio-1-giugno\/#article","isPartOf":{"@id":"https:\/\/www.ecucina.eu\/site\/i-prossimi-corsi-di-cucina-a-ecucina-27-maggio-1-giugno\/"},"author":{"name":"admin","@id":"https:\/\/www.ecucina.eu\/site\/#\/schema\/person\/dacc8129bde8d32da74f0a071b909dfd"},"headline":"I prossimi corsi di cucina a \u00e9Cucina: 27 maggio-1 giugno","datePublished":"2019-05-27T09:01:57+00:00","mainEntityOfPage":{"@id":"https:\/\/www.ecucina.eu\/site\/i-prossimi-corsi-di-cucina-a-ecucina-27-maggio-1-giugno\/"},"wordCount":458,"commentCount":0,"image":{"@id":"https:\/\/www.ecucina.eu\/site\/i-prossimi-corsi-di-cucina-a-ecucina-27-maggio-1-giugno\/#primaryimage"},"thumbnailUrl":"https:\/\/www.ecucina.eu\/site\/wp-content\/uploads\/2019\/05\/Corsi-di-cucina-della-settimana-27-1-giugno.jpg","articleSection":["corsi di cucina"],"inLanguage":"en-US","potentialAction":[{"@type":"CommentAction","name":"Comment","target":["https:\/\/www.ecucina.eu\/site\/i-prossimi-corsi-di-cucina-a-ecucina-27-maggio-1-giugno\/#respond"]}]},{"@type":"WebPage","@id":"https:\/\/www.ecucina.eu\/site\/i-prossimi-corsi-di-cucina-a-ecucina-27-maggio-1-giugno\/","url":"https:\/\/www.ecucina.eu\/site\/i-prossimi-corsi-di-cucina-a-ecucina-27-maggio-1-giugno\/","name":"I prossimi corsi di cucina a \u00e9Cucina: 27 maggio-1 giugno - E&#039; Cucina","isPartOf":{"@id":"https:\/\/www.ecucina.eu\/site\/#website"},"primaryImageOfPage":{"@id":"https:\/\/www.ecucina.eu\/site\/i-prossimi-corsi-di-cucina-a-ecucina-27-maggio-1-giugno\/#primaryimage"},"image":{"@id":"https:\/\/www.ecucina.eu\/site\/i-prossimi-corsi-di-cucina-a-ecucina-27-maggio-1-giugno\/#primaryimage"},"thumbnailUrl":"https:\/\/www.ecucina.eu\/site\/wp-content\/uploads\/2019\/05\/Corsi-di-cucina-della-settimana-27-1-giugno.jpg","datePublished":"2019-05-27T09:01:57+00:00","author":{"@id":"https:\/\/www.ecucina.eu\/site\/#\/schema\/person\/dacc8129bde8d32da74f0a071b909dfd"},"breadcrumb":{"@id":"https:\/\/www.ecucina.eu\/site\/i-prossimi-corsi-di-cucina-a-ecucina-27-maggio-1-giugno\/#breadcrumb"},"inLanguage":"en-US","potentialAction":[{"@type":"ReadAction","target":["https:\/\/www.ecucina.eu\/site\/i-prossimi-corsi-di-cucina-a-ecucina-27-maggio-1-giugno\/"]}]},{"@type":"ImageObject","inLanguage":"en-US","@id":"https:\/\/www.ecucina.eu\/site\/i-prossimi-corsi-di-cucina-a-ecucina-27-maggio-1-giugno\/#primaryimage","url":"https:\/\/www.ecucina.eu\/site\/wp-content\/uploads\/2019\/05\/Corsi-di-cucina-della-settimana-27-1-giugno.jpg","contentUrl":"https:\/\/www.ecucina.eu\/site\/wp-content\/uploads\/2019\/05\/Corsi-di-cucina-della-settimana-27-1-giugno.jpg","width":1200,"height":628},{"@type":"BreadcrumbList","@id":"https:\/\/www.ecucina.eu\/site\/i-prossimi-corsi-di-cucina-a-ecucina-27-maggio-1-giugno\/#breadcrumb","itemListElement":[{"@type":"ListItem","position":1,"name":"Home","item":"https:\/\/www.ecucina.eu\/site\/"},{"@type":"ListItem","position":2,"name":"I prossimi corsi di cucina a \u00e9Cucina: 27 maggio-1 giugno"}]},{"@type":"WebSite","@id":"https:\/\/www.ecucina.eu\/site\/#website","url":"https:\/\/www.ecucina.eu\/site\/","name":"E&#039; Cucina","description":"La prima scuola di cucina di Verona","potentialAction":[{"@type":"SearchAction","target":{"@type":"EntryPoint","urlTemplate":"https:\/\/www.ecucina.eu\/site\/?s={search_term_string}"},"query-input":{"@type":"PropertyValueSpecification","valueRequired":true,"valueName":"search_term_string"}}],"inLanguage":"en-US"},{"@type":"Person","@id":"https:\/\/www.ecucina.eu\/site\/#\/schema\/person\/dacc8129bde8d32da74f0a071b909dfd","name":"admin","image":{"@type":"ImageObject","inLanguage":"en-US","@id":"https:\/\/secure.gravatar.com\/avatar\/232801ea36ced609fe353766565d0e5eb898db00d74d7e235eb5809802833750?s=96&d=mm&r=g","url":"https:\/\/secure.gravatar.com\/avatar\/232801ea36ced609fe353766565d0e5eb898db00d74d7e235eb5809802833750?s=96&d=mm&r=g","contentUrl":"https:\/\/secure.gravatar.com\/avatar\/232801ea36ced609fe353766565d0e5eb898db00d74d7e235eb5809802833750?s=96&d=mm&r=g","caption":"admin"},"url":"https:\/\/www.ecucina.eu\/site\/author\/admin\/"}]}},"_links":{"self":[{"href":"https:\/\/www.ecucina.eu\/site\/wp-json\/wp\/v2\/posts\/6339","targetHints":{"allow":["GET"]}}],"collection":[{"href":"https:\/\/www.ecucina.eu\/site\/wp-json\/wp\/v2\/posts"}],"about":[{"href":"https:\/\/www.ecucina.eu\/site\/wp-json\/wp\/v2\/types\/post"}],"author":[{"embeddable":true,"href":"https:\/\/www.ecucina.eu\/site\/wp-json\/wp\/v2\/users\/1"}],"replies":[{"embeddable":true,"href":"https:\/\/www.ecucina.eu\/site\/wp-json\/wp\/v2\/comments?post=6339"}],"version-history":[{"count":2,"href":"https:\/\/www.ecucina.eu\/site\/wp-json\/wp\/v2\/posts\/6339\/revisions"}],"predecessor-version":[{"id":6342,"href":"https:\/\/www.ecucina.eu\/site\/wp-json\/wp\/v2\/posts\/6339\/revisions\/6342"}],"wp:featuredmedia":[{"embeddable":true,"href":"https:\/\/www.ecucina.eu\/site\/wp-json\/wp\/v2\/media\/6340"}],"wp:attachment":[{"href":"https:\/\/www.ecucina.eu\/site\/wp-json\/wp\/v2\/media?parent=6339"}],"wp:term":[{"taxonomy":"category","embeddable":true,"href":"https:\/\/www.ecucina.eu\/site\/wp-json\/wp\/v2\/categories?post=6339"},{"taxonomy":"post_tag","embeddable":true,"href":"https:\/\/www.ecucina.eu\/site\/wp-json\/wp\/v2\/tags?post=6339"}],"curies":[{"name":"wp","href":"https:\/\/api.w.org\/{rel}","templated":true}]}}