{"id":682,"date":"2014-07-23T16:35:32","date_gmt":"2014-07-23T16:35:32","guid":{"rendered":"http:\/\/www.ecucina.eu\/site\/?p=682"},"modified":"2017-12-01T16:02:05","modified_gmt":"2017-12-01T16:02:05","slug":"rinnoviamo-in-anteprima-il-nuovo-programma-2015","status":"publish","type":"post","link":"https:\/\/www.ecucina.eu\/site\/rinnoviamo-in-anteprima-il-nuovo-programma-2015\/","title":{"rendered":"Rinnoviamo! in anteprima il Nuovo programma 2015"},"content":{"rendered":"<p><a href=\"http:\/\/www.ecucina.eu\/site\/wp-content\/uploads\/2014\/08\/sett-genn-2015_web.pdf\">\u00a0APRI IL PROGRAMMA COMPLETO DEI CORSI settembre-gennaio-2015_web<\/a><\/p>\n<p>&nbsp;<\/p>\n<p><span style=\"color: #000000;\">Ecco finalmente il nuovo programam dei corsi che partiranno a settembre anche prima del nostro Open Day del 20 settembre nel quale vi aspettiamo tutto per la presentazione dei corsi, gli showcooking dei cuochi, dei ragazzi della Juior chef Academy, i corsi in palio e gli sconti! Poi il\u00a0 tradizionale aperitivo a buffet !<\/span><\/p>\n<p><span style=\"color: #000000;\"><strong>Novit\u00e0 ci sono!<\/strong><\/span><\/p>\n<p><span style=\"color: #000000;\">Stiamo lavorando per aggiungere nuove postazioni di fuochi per far diventare ancora pi\u00f9 interattivi alcuni corsi, nostra politica di sempre.<\/span><\/p>\n<p><span style=\"color: #000000;\">Ci sono i corsi &#8220;\u00e8 cucina.xpress&#8221; i corsi monotematici brevi a 25\u20ac che si terranno il luned\u00ec, mercoled\u00ec e gioved\u00ec in diversi orari, da un&#8217;occhiata al programma!<\/span><\/p>\n<p><span style=\"color: #000000;\">Poi ci sono i cuochi ospiti, Igles Corelli,\u00a0 Renato Bosco, Enzo Ninivaggi, Roberto Abbadati che condivideranno con voi la loro grande esperienza e le loro ricette.<\/span><\/p>\n<p><span style=\"color: #000000;\">Continuano i corsi per bambini del sabato alle 15 con i piccoli dai 5 fino ai 10 anni e continua la bella esperienza della Junior Chef Academy per ragazzi pi\u00f9 grandi fino ai 15 anni per arrivare a cucinare al saggio finale per amici e parenti da veri chef!<\/span><\/p>\n<p><span style=\"color: #000000;\">Sono in programma due corsi base, uno per principianti assoluti, cio\u00e8 per chi vuole apprendere dalle basi le principali tecniche della cucina e l&#8217;altro base ma per chi cucina gi\u00e0 a casa e vuole approfondire le tecniche e apprendere i trucchi della professione.<\/span><\/p>\n<p><span style=\"color: #000000;\">Poi c&#8217;\u00e8 la &#8220;Dispensa di \u00e8 cucina&#8221; che vedrete tutti quando ci venite a trovare!<\/span><\/p>\n<p><span style=\"color: #000000;\">Buona estate a tutti!<\/span><\/p>\n","protected":false},"excerpt":{"rendered":"<p>\u00a0APRI IL PROGRAMMA COMPLETO DEI CORSI settembre-gennaio-2015_web &nbsp; Ecco finalmente il nuovo programam dei corsi che partiranno a settembre anche prima del nostro Open Day del 20 settembre nel quale vi aspettiamo tutto per la presentazione dei corsi, gli showcooking dei cuochi, dei ragazzi della Juior chef Academy, i corsi in palio e gli sconti!&#8230;<\/p>\n","protected":false},"author":6,"featured_media":689,"comment_status":"open","ping_status":"open","sticky":false,"template":"","format":"standard","meta":{"footnotes":""},"categories":[1],"tags":[],"class_list":["post-682","post","type-post","status-publish","format-standard","has-post-thumbnail","hentry","category-generale"],"yoast_head":"<!-- This site is optimized with the Yoast SEO plugin v28.2 - https:\/\/yoast.com\/product\/yoast-seo-wordpress\/ -->\n<title>Rinnoviamo! in anteprima il Nuovo programma 2015 - E&#039; Cucina<\/title>\n<meta name=\"robots\" content=\"index, follow, max-snippet:-1, max-image-preview:large, max-video-preview:-1\" \/>\n<link rel=\"canonical\" href=\"https:\/\/www.ecucina.eu\/site\/rinnoviamo-in-anteprima-il-nuovo-programma-2015\/\" \/>\n<meta property=\"og:locale\" content=\"en_US\" \/>\n<meta property=\"og:type\" content=\"article\" \/>\n<meta property=\"og:title\" content=\"Rinnoviamo! in anteprima il Nuovo programma 2015 - E&#039; Cucina\" \/>\n<meta property=\"og:description\" content=\"\u00a0APRI IL PROGRAMMA COMPLETO DEI CORSI settembre-gennaio-2015_web &nbsp; Ecco finalmente il nuovo programam dei corsi che partiranno a settembre anche prima del nostro Open Day del 20 settembre nel quale vi aspettiamo tutto per la presentazione dei corsi, gli showcooking dei cuochi, dei ragazzi della Juior chef Academy, i corsi in palio e gli sconti!...\" \/>\n<meta property=\"og:url\" content=\"https:\/\/www.ecucina.eu\/site\/rinnoviamo-in-anteprima-il-nuovo-programma-2015\/\" \/>\n<meta property=\"og:site_name\" content=\"E&#039; Cucina\" \/>\n<meta property=\"article:published_time\" content=\"2014-07-23T16:35:32+00:00\" \/>\n<meta property=\"article:modified_time\" content=\"2017-12-01T16:02:05+00:00\" \/>\n<meta property=\"og:image\" content=\"https:\/\/www.ecucina.eu\/site\/wp-content\/uploads\/2014\/07\/IMG_2229-scaled.jpg\" \/>\n\t<meta property=\"og:image:width\" content=\"2560\" \/>\n\t<meta property=\"og:image:height\" content=\"1912\" \/>\n\t<meta property=\"og:image:type\" content=\"image\/jpeg\" \/>\n<meta name=\"author\" content=\"\u00e8Cucina\" \/>\n<meta name=\"twitter:card\" content=\"summary_large_image\" \/>\n<meta name=\"twitter:label1\" content=\"Written by\" \/>\n\t<meta name=\"twitter:data1\" content=\"\u00e8Cucina\" \/>\n\t<meta name=\"twitter:label2\" content=\"Est. reading time\" \/>\n\t<meta name=\"twitter:data2\" content=\"1 minute\" \/>\n<script type=\"application\/ld+json\" class=\"yoast-schema-graph\">{\"@context\":\"https:\\\/\\\/schema.org\",\"@graph\":[{\"@type\":\"Article\",\"@id\":\"https:\\\/\\\/www.ecucina.eu\\\/site\\\/rinnoviamo-in-anteprima-il-nuovo-programma-2015\\\/#article\",\"isPartOf\":{\"@id\":\"https:\\\/\\\/www.ecucina.eu\\\/site\\\/rinnoviamo-in-anteprima-il-nuovo-programma-2015\\\/\"},\"author\":{\"name\":\"\u00e8Cucina\",\"@id\":\"https:\\\/\\\/www.ecucina.eu\\\/site\\\/#\\\/schema\\\/person\\\/4fe9c078fe3bcd670d4dbf7099cd2ffb\"},\"headline\":\"Rinnoviamo! in anteprima il Nuovo programma 2015\",\"datePublished\":\"2014-07-23T16:35:32+00:00\",\"dateModified\":\"2017-12-01T16:02:05+00:00\",\"mainEntityOfPage\":{\"@id\":\"https:\\\/\\\/www.ecucina.eu\\\/site\\\/rinnoviamo-in-anteprima-il-nuovo-programma-2015\\\/\"},\"wordCount\":248,\"commentCount\":0,\"image\":{\"@id\":\"https:\\\/\\\/www.ecucina.eu\\\/site\\\/rinnoviamo-in-anteprima-il-nuovo-programma-2015\\\/#primaryimage\"},\"thumbnailUrl\":\"https:\\\/\\\/www.ecucina.eu\\\/site\\\/wp-content\\\/uploads\\\/2014\\\/07\\\/IMG_2229-scaled.jpg\",\"articleSection\":[\"Generale\"],\"inLanguage\":\"en-US\",\"potentialAction\":[{\"@type\":\"CommentAction\",\"name\":\"Comment\",\"target\":[\"https:\\\/\\\/www.ecucina.eu\\\/site\\\/rinnoviamo-in-anteprima-il-nuovo-programma-2015\\\/#respond\"]}]},{\"@type\":\"WebPage\",\"@id\":\"https:\\\/\\\/www.ecucina.eu\\\/site\\\/rinnoviamo-in-anteprima-il-nuovo-programma-2015\\\/\",\"url\":\"https:\\\/\\\/www.ecucina.eu\\\/site\\\/rinnoviamo-in-anteprima-il-nuovo-programma-2015\\\/\",\"name\":\"Rinnoviamo! in anteprima il Nuovo programma 2015 - E&#039; Cucina\",\"isPartOf\":{\"@id\":\"https:\\\/\\\/www.ecucina.eu\\\/site\\\/#website\"},\"primaryImageOfPage\":{\"@id\":\"https:\\\/\\\/www.ecucina.eu\\\/site\\\/rinnoviamo-in-anteprima-il-nuovo-programma-2015\\\/#primaryimage\"},\"image\":{\"@id\":\"https:\\\/\\\/www.ecucina.eu\\\/site\\\/rinnoviamo-in-anteprima-il-nuovo-programma-2015\\\/#primaryimage\"},\"thumbnailUrl\":\"https:\\\/\\\/www.ecucina.eu\\\/site\\\/wp-content\\\/uploads\\\/2014\\\/07\\\/IMG_2229-scaled.jpg\",\"datePublished\":\"2014-07-23T16:35:32+00:00\",\"dateModified\":\"2017-12-01T16:02:05+00:00\",\"author\":{\"@id\":\"https:\\\/\\\/www.ecucina.eu\\\/site\\\/#\\\/schema\\\/person\\\/4fe9c078fe3bcd670d4dbf7099cd2ffb\"},\"breadcrumb\":{\"@id\":\"https:\\\/\\\/www.ecucina.eu\\\/site\\\/rinnoviamo-in-anteprima-il-nuovo-programma-2015\\\/#breadcrumb\"},\"inLanguage\":\"en-US\",\"potentialAction\":[{\"@type\":\"ReadAction\",\"target\":[\"https:\\\/\\\/www.ecucina.eu\\\/site\\\/rinnoviamo-in-anteprima-il-nuovo-programma-2015\\\/\"]}]},{\"@type\":\"ImageObject\",\"inLanguage\":\"en-US\",\"@id\":\"https:\\\/\\\/www.ecucina.eu\\\/site\\\/rinnoviamo-in-anteprima-il-nuovo-programma-2015\\\/#primaryimage\",\"url\":\"https:\\\/\\\/www.ecucina.eu\\\/site\\\/wp-content\\\/uploads\\\/2014\\\/07\\\/IMG_2229-scaled.jpg\",\"contentUrl\":\"https:\\\/\\\/www.ecucina.eu\\\/site\\\/wp-content\\\/uploads\\\/2014\\\/07\\\/IMG_2229-scaled.jpg\",\"width\":2560,\"height\":1912},{\"@type\":\"BreadcrumbList\",\"@id\":\"https:\\\/\\\/www.ecucina.eu\\\/site\\\/rinnoviamo-in-anteprima-il-nuovo-programma-2015\\\/#breadcrumb\",\"itemListElement\":[{\"@type\":\"ListItem\",\"position\":1,\"name\":\"Home\",\"item\":\"https:\\\/\\\/www.ecucina.eu\\\/site\\\/\"},{\"@type\":\"ListItem\",\"position\":2,\"name\":\"Rinnoviamo! in anteprima il Nuovo programma 2015\"}]},{\"@type\":\"WebSite\",\"@id\":\"https:\\\/\\\/www.ecucina.eu\\\/site\\\/#website\",\"url\":\"https:\\\/\\\/www.ecucina.eu\\\/site\\\/\",\"name\":\"E&#039; Cucina\",\"description\":\"La prima scuola di cucina di Verona\",\"potentialAction\":[{\"@type\":\"SearchAction\",\"target\":{\"@type\":\"EntryPoint\",\"urlTemplate\":\"https:\\\/\\\/www.ecucina.eu\\\/site\\\/?s={search_term_string}\"},\"query-input\":{\"@type\":\"PropertyValueSpecification\",\"valueRequired\":true,\"valueName\":\"search_term_string\"}}],\"inLanguage\":\"en-US\"},{\"@type\":\"Person\",\"@id\":\"https:\\\/\\\/www.ecucina.eu\\\/site\\\/#\\\/schema\\\/person\\\/4fe9c078fe3bcd670d4dbf7099cd2ffb\",\"name\":\"\u00e8Cucina\",\"image\":{\"@type\":\"ImageObject\",\"inLanguage\":\"en-US\",\"@id\":\"https:\\\/\\\/secure.gravatar.com\\\/avatar\\\/69b6a1730383a50f1c0d7ff9a479a358723c9a37a33e04156e68ba65fb662017?s=96&d=mm&r=g\",\"url\":\"https:\\\/\\\/secure.gravatar.com\\\/avatar\\\/69b6a1730383a50f1c0d7ff9a479a358723c9a37a33e04156e68ba65fb662017?s=96&d=mm&r=g\",\"contentUrl\":\"https:\\\/\\\/secure.gravatar.com\\\/avatar\\\/69b6a1730383a50f1c0d7ff9a479a358723c9a37a33e04156e68ba65fb662017?s=96&d=mm&r=g\",\"caption\":\"\u00e8Cucina\"},\"sameAs\":[\"http:\\\/\\\/www.ecucina.eu\\\/\"],\"url\":\"https:\\\/\\\/www.ecucina.eu\\\/site\\\/author\\\/ecucina\\\/\"}]}<\/script>\n<!-- \/ Yoast SEO plugin. -->","yoast_head_json":{"title":"Rinnoviamo! in anteprima il Nuovo programma 2015 - E&#039; Cucina","robots":{"index":"index","follow":"follow","max-snippet":"max-snippet:-1","max-image-preview":"max-image-preview:large","max-video-preview":"max-video-preview:-1"},"canonical":"https:\/\/www.ecucina.eu\/site\/rinnoviamo-in-anteprima-il-nuovo-programma-2015\/","og_locale":"en_US","og_type":"article","og_title":"Rinnoviamo! in anteprima il Nuovo programma 2015 - E&#039; Cucina","og_description":"\u00a0APRI IL PROGRAMMA COMPLETO DEI CORSI settembre-gennaio-2015_web &nbsp; Ecco finalmente il nuovo programam dei corsi che partiranno a settembre anche prima del nostro Open Day del 20 settembre nel quale vi aspettiamo tutto per la presentazione dei corsi, gli showcooking dei cuochi, dei ragazzi della Juior chef Academy, i corsi in palio e gli sconti!...","og_url":"https:\/\/www.ecucina.eu\/site\/rinnoviamo-in-anteprima-il-nuovo-programma-2015\/","og_site_name":"E&#039; Cucina","article_published_time":"2014-07-23T16:35:32+00:00","article_modified_time":"2017-12-01T16:02:05+00:00","og_image":[{"width":2560,"height":1912,"url":"https:\/\/www.ecucina.eu\/site\/wp-content\/uploads\/2014\/07\/IMG_2229-scaled.jpg","type":"image\/jpeg"}],"author":"\u00e8Cucina","twitter_card":"summary_large_image","twitter_misc":{"Written by":"\u00e8Cucina","Est. reading time":"1 minute"},"schema":{"@context":"https:\/\/schema.org","@graph":[{"@type":"Article","@id":"https:\/\/www.ecucina.eu\/site\/rinnoviamo-in-anteprima-il-nuovo-programma-2015\/#article","isPartOf":{"@id":"https:\/\/www.ecucina.eu\/site\/rinnoviamo-in-anteprima-il-nuovo-programma-2015\/"},"author":{"name":"\u00e8Cucina","@id":"https:\/\/www.ecucina.eu\/site\/#\/schema\/person\/4fe9c078fe3bcd670d4dbf7099cd2ffb"},"headline":"Rinnoviamo! in anteprima il Nuovo programma 2015","datePublished":"2014-07-23T16:35:32+00:00","dateModified":"2017-12-01T16:02:05+00:00","mainEntityOfPage":{"@id":"https:\/\/www.ecucina.eu\/site\/rinnoviamo-in-anteprima-il-nuovo-programma-2015\/"},"wordCount":248,"commentCount":0,"image":{"@id":"https:\/\/www.ecucina.eu\/site\/rinnoviamo-in-anteprima-il-nuovo-programma-2015\/#primaryimage"},"thumbnailUrl":"https:\/\/www.ecucina.eu\/site\/wp-content\/uploads\/2014\/07\/IMG_2229-scaled.jpg","articleSection":["Generale"],"inLanguage":"en-US","potentialAction":[{"@type":"CommentAction","name":"Comment","target":["https:\/\/www.ecucina.eu\/site\/rinnoviamo-in-anteprima-il-nuovo-programma-2015\/#respond"]}]},{"@type":"WebPage","@id":"https:\/\/www.ecucina.eu\/site\/rinnoviamo-in-anteprima-il-nuovo-programma-2015\/","url":"https:\/\/www.ecucina.eu\/site\/rinnoviamo-in-anteprima-il-nuovo-programma-2015\/","name":"Rinnoviamo! in anteprima il Nuovo programma 2015 - E&#039; Cucina","isPartOf":{"@id":"https:\/\/www.ecucina.eu\/site\/#website"},"primaryImageOfPage":{"@id":"https:\/\/www.ecucina.eu\/site\/rinnoviamo-in-anteprima-il-nuovo-programma-2015\/#primaryimage"},"image":{"@id":"https:\/\/www.ecucina.eu\/site\/rinnoviamo-in-anteprima-il-nuovo-programma-2015\/#primaryimage"},"thumbnailUrl":"https:\/\/www.ecucina.eu\/site\/wp-content\/uploads\/2014\/07\/IMG_2229-scaled.jpg","datePublished":"2014-07-23T16:35:32+00:00","dateModified":"2017-12-01T16:02:05+00:00","author":{"@id":"https:\/\/www.ecucina.eu\/site\/#\/schema\/person\/4fe9c078fe3bcd670d4dbf7099cd2ffb"},"breadcrumb":{"@id":"https:\/\/www.ecucina.eu\/site\/rinnoviamo-in-anteprima-il-nuovo-programma-2015\/#breadcrumb"},"inLanguage":"en-US","potentialAction":[{"@type":"ReadAction","target":["https:\/\/www.ecucina.eu\/site\/rinnoviamo-in-anteprima-il-nuovo-programma-2015\/"]}]},{"@type":"ImageObject","inLanguage":"en-US","@id":"https:\/\/www.ecucina.eu\/site\/rinnoviamo-in-anteprima-il-nuovo-programma-2015\/#primaryimage","url":"https:\/\/www.ecucina.eu\/site\/wp-content\/uploads\/2014\/07\/IMG_2229-scaled.jpg","contentUrl":"https:\/\/www.ecucina.eu\/site\/wp-content\/uploads\/2014\/07\/IMG_2229-scaled.jpg","width":2560,"height":1912},{"@type":"BreadcrumbList","@id":"https:\/\/www.ecucina.eu\/site\/rinnoviamo-in-anteprima-il-nuovo-programma-2015\/#breadcrumb","itemListElement":[{"@type":"ListItem","position":1,"name":"Home","item":"https:\/\/www.ecucina.eu\/site\/"},{"@type":"ListItem","position":2,"name":"Rinnoviamo! in anteprima il Nuovo programma 2015"}]},{"@type":"WebSite","@id":"https:\/\/www.ecucina.eu\/site\/#website","url":"https:\/\/www.ecucina.eu\/site\/","name":"E&#039; Cucina","description":"La prima scuola di cucina di Verona","potentialAction":[{"@type":"SearchAction","target":{"@type":"EntryPoint","urlTemplate":"https:\/\/www.ecucina.eu\/site\/?s={search_term_string}"},"query-input":{"@type":"PropertyValueSpecification","valueRequired":true,"valueName":"search_term_string"}}],"inLanguage":"en-US"},{"@type":"Person","@id":"https:\/\/www.ecucina.eu\/site\/#\/schema\/person\/4fe9c078fe3bcd670d4dbf7099cd2ffb","name":"\u00e8Cucina","image":{"@type":"ImageObject","inLanguage":"en-US","@id":"https:\/\/secure.gravatar.com\/avatar\/69b6a1730383a50f1c0d7ff9a479a358723c9a37a33e04156e68ba65fb662017?s=96&d=mm&r=g","url":"https:\/\/secure.gravatar.com\/avatar\/69b6a1730383a50f1c0d7ff9a479a358723c9a37a33e04156e68ba65fb662017?s=96&d=mm&r=g","contentUrl":"https:\/\/secure.gravatar.com\/avatar\/69b6a1730383a50f1c0d7ff9a479a358723c9a37a33e04156e68ba65fb662017?s=96&d=mm&r=g","caption":"\u00e8Cucina"},"sameAs":["http:\/\/www.ecucina.eu\/"],"url":"https:\/\/www.ecucina.eu\/site\/author\/ecucina\/"}]}},"_links":{"self":[{"href":"https:\/\/www.ecucina.eu\/site\/wp-json\/wp\/v2\/posts\/682","targetHints":{"allow":["GET"]}}],"collection":[{"href":"https:\/\/www.ecucina.eu\/site\/wp-json\/wp\/v2\/posts"}],"about":[{"href":"https:\/\/www.ecucina.eu\/site\/wp-json\/wp\/v2\/types\/post"}],"author":[{"embeddable":true,"href":"https:\/\/www.ecucina.eu\/site\/wp-json\/wp\/v2\/users\/6"}],"replies":[{"embeddable":true,"href":"https:\/\/www.ecucina.eu\/site\/wp-json\/wp\/v2\/comments?post=682"}],"version-history":[{"count":6,"href":"https:\/\/www.ecucina.eu\/site\/wp-json\/wp\/v2\/posts\/682\/revisions"}],"predecessor-version":[{"id":875,"href":"https:\/\/www.ecucina.eu\/site\/wp-json\/wp\/v2\/posts\/682\/revisions\/875"}],"wp:featuredmedia":[{"embeddable":true,"href":"https:\/\/www.ecucina.eu\/site\/wp-json\/wp\/v2\/media\/689"}],"wp:attachment":[{"href":"https:\/\/www.ecucina.eu\/site\/wp-json\/wp\/v2\/media?parent=682"}],"wp:term":[{"taxonomy":"category","embeddable":true,"href":"https:\/\/www.ecucina.eu\/site\/wp-json\/wp\/v2\/categories?post=682"},{"taxonomy":"post_tag","embeddable":true,"href":"https:\/\/www.ecucina.eu\/site\/wp-json\/wp\/v2\/tags?post=682"}],"curies":[{"name":"wp","href":"https:\/\/api.w.org\/{rel}","templated":true}]}}